{"id":131,"date":"2022-07-24T16:47:58","date_gmt":"2022-07-24T16:47:58","guid":{"rendered":"http:\/\/observatorio.regionmoquegua.gob.pe\/?p=131"},"modified":"2022-07-24T16:48:06","modified_gmt":"2022-07-24T16:48:06","slug":"la-instancia-regional-de-concertacion-de-moquegua-fortalece-capacidades-a-las-instituciones-sobre-el-protocolo-base-de-actuacion-conjunta-y-casos-de-desaparicion-de-personas-en-situacion-de-vulnerabil","status":"publish","type":"post","link":"https:\/\/observatorio.regionmoquegua.gob.pe\/index.php\/2022\/07\/24\/la-instancia-regional-de-concertacion-de-moquegua-fortalece-capacidades-a-las-instituciones-sobre-el-protocolo-base-de-actuacion-conjunta-y-casos-de-desaparicion-de-personas-en-situacion-de-vulnerabil\/","title":{"rendered":"LA INSTANCIA REGIONAL DE CONCERTACI\u00d3N DE MOQUEGUA FORTALECE CAPACIDADES A LAS INSTITUCIONES SOBRE EL PROTOCOLO BASE DE ACTUACI\u00d3N CONJUNTA Y CASOS DE DESAPARICI\u00d3N DE PERSONAS EN SITUACI\u00d3N DE VULNERABILIDAD"},"content":{"rendered":"<p>[et_pb_section fb_built=\u00bb1&#8243; _builder_version=\u00bb4.16&#8243; global_colors_info=\u00bb{}\u00bb][et_pb_row _builder_version=\u00bb4.16&#8243; background_size=\u00bbinitial\u00bb background_position=\u00bbtop_left\u00bb background_repeat=\u00bbrepeat\u00bb global_colors_info=\u00bb{}\u00bb][et_pb_column type=\u00bb4_4&#8243; _builder_version=\u00bb4.16&#8243; custom_padding=\u00bb|||\u00bb global_colors_info=\u00bb{}\u00bb custom_padding__hover=\u00bb|||\u00bb][et_pb_text _builder_version=\u00bb4.16&#8243; background_size=\u00bbinitial\u00bb background_position=\u00bbtop_left\u00bb background_repeat=\u00bbrepeat\u00bb global_colors_info=\u00bb{}\u00bb]<!-- divi:paragraph --><\/p>\n<p>El d\u00eda 19 de julio de 2022, desarrollamos el evento acad\u00e9mico, organizado entre las Instancias Regionales de Concertaci\u00f3n Moquegua y Amazonas y las Coordinaciones Territoriales del Programa Nacional AURORA de Moquegua y Amazonas, con el apoyo de los especialistas del Ministerio de la Mujer y Poblaciones Vulnerables y del Ministerio del Interior, a fin de fortalecer las capacidades de las diferentes instituciones, sobre la atenci\u00f3n de casos de desaparici\u00f3n de personas en situaci\u00f3n de vulnerabilidad, Protocolo Base de Actuaci\u00f3n Conjunta y el Protocolo Interinstitucional de atenci\u00f3n de casos de desaparici\u00f3n de personas en situaci\u00f3n de vulnerabilidad y otros casos de desaparici\u00f3n, que coadyuvar\u00e1 en la articulaci\u00f3n interinstitucional y atenci\u00f3n de casos de desaparici\u00f3n.<\/p>\n<p><!-- \/divi:paragraph --><\/p>\n<p><!-- divi:paragraph --><\/p>\n<p>Las palabras de apertura, estuvo a cargo del Vicegobernador Regional del Gobierno Regional de Moquegua y las palabras de cierre del evento y conclusiones, a cargo de los representantes de las Oficinas Defensoriales de la Defensor\u00eda del Pueblo de Moquegua y Amazonas.<\/p>\n<p><!-- \/divi:paragraph -->[\/et_pb_text][\/et_pb_column][\/et_pb_row][et_pb_row _builder_version=\u00bb4.17.6&#8243; _module_preset=\u00bbdefault\u00bb column_structure=\u00bb1_2,1_2&#8243;][et_pb_column _builder_version=\u00bb4.17.6&#8243; _module_preset=\u00bbdefault\u00bb type=\u00bb1_2&#8243;][et_pb_image src=\u00bbhttp:\/\/observatorio.regionmoquegua.gob.pe\/wp-content\/uploads\/2022\/07\/foto3.jpeg\u00bb _builder_version=\u00bb4.17.6&#8243; _module_preset=\u00bbdefault\u00bb hover_enabled=\u00bb0&#8243; sticky_enabled=\u00bb0&#8243; title_text=\u00bbfoto3&#8243;][\/et_pb_image][\/et_pb_column][et_pb_column _builder_version=\u00bb4.17.6&#8243; _module_preset=\u00bbdefault\u00bb type=\u00bb1_2&#8243;][et_pb_image src=\u00bbhttp:\/\/observatorio.regionmoquegua.gob.pe\/wp-content\/uploads\/2022\/07\/foto3.jpeg\u00bb _builder_version=\u00bb4.17.6&#8243; _module_preset=\u00bbdefault\u00bb hover_enabled=\u00bb0&#8243; sticky_enabled=\u00bb0&#8243; title_text=\u00bbfoto3&#8243;][\/et_pb_image][\/et_pb_column][\/et_pb_row][\/et_pb_section]<\/p>\n","protected":false},"excerpt":{"rendered":"<p>El d\u00eda 19 de julio de 2022, desarrollamos el evento acad\u00e9mico, organizado entre las Instancias Regionales de Concertaci\u00f3n Moquegua y Amazonas y las Coordinaciones Territoriales del Programa Nacional AURORA de Moquegua y Amazonas, con el apoyo de los especialistas del Ministerio de la Mujer y Poblaciones Vulnerables y del Ministerio del Interior, a fin de [&hellip;]<\/p>\n","protected":false},"author":1,"featured_media":0,"comment_status":"open","ping_status":"open","sticky":false,"template":"","format":"standard","meta":{"_et_pb_use_builder":"on","_et_pb_old_content":"<!-- wp:paragraph -->\n<p>El d\u00eda 19 de julio de 2022, desarrollamos el evento acad\u00e9mico, organizado entre las Instancias Regionales de Concertaci\u00f3n Moquegua y Amazonas y las Coordinaciones Territoriales del Programa Nacional AURORA de Moquegua y Amazonas, con el apoyo de los especialistas del Ministerio de la Mujer y Poblaciones Vulnerables y del Ministerio del Interior, a fin de fortalecer las capacidades de las diferentes instituciones, sobre la atenci\u00f3n de casos de desaparici\u00f3n de personas en situaci\u00f3n de vulnerabilidad, Protocolo Base de Actuaci\u00f3n Conjunta y el Protocolo Interinstitucional de atenci\u00f3n de casos de desaparici\u00f3n de personas en situaci\u00f3n de vulnerabilidad y otros casos de desaparici\u00f3n, que coadyuvar\u00e1 en la articulaci\u00f3n interinstitucional y atenci\u00f3n de casos de desaparici\u00f3n.<\/p>\n<!-- \/wp:paragraph -->\n\n<!-- wp:paragraph -->\n<p>Las palabras de apertura, estuvo a cargo del Vicegobernador Regional del Gobierno Regional de Moquegua y las palabras de cierre del evento y conclusiones, a cargo de los representantes de las Oficinas Defensoriales de la Defensor\u00eda del Pueblo de Moquegua y Amazonas.<\/p>\n<!-- \/wp:paragraph -->","_et_gb_content_width":"","_jetpack_memberships_contains_paid_content":false,"footnotes":""},"categories":[5],"tags":[],"class_list":["post-131","post","type-post","status-publish","format-standard","hentry","category-eventos"],"jetpack_featured_media_url":"","jetpack_sharing_enabled":true,"_links":{"self":[{"href":"https:\/\/observatorio.regionmoquegua.gob.pe\/index.php\/wp-json\/wp\/v2\/posts\/131","targetHints":{"allow":["GET"]}}],"collection":[{"href":"https:\/\/observatorio.regionmoquegua.gob.pe\/index.php\/wp-json\/wp\/v2\/posts"}],"about":[{"href":"https:\/\/observatorio.regionmoquegua.gob.pe\/index.php\/wp-json\/wp\/v2\/types\/post"}],"author":[{"embeddable":true,"href":"https:\/\/observatorio.regionmoquegua.gob.pe\/index.php\/wp-json\/wp\/v2\/users\/1"}],"replies":[{"embeddable":true,"href":"https:\/\/observatorio.regionmoquegua.gob.pe\/index.php\/wp-json\/wp\/v2\/comments?post=131"}],"version-history":[{"count":3,"href":"https:\/\/observatorio.regionmoquegua.gob.pe\/index.php\/wp-json\/wp\/v2\/posts\/131\/revisions"}],"predecessor-version":[{"id":137,"href":"https:\/\/observatorio.regionmoquegua.gob.pe\/index.php\/wp-json\/wp\/v2\/posts\/131\/revisions\/137"}],"wp:attachment":[{"href":"https:\/\/observatorio.regionmoquegua.gob.pe\/index.php\/wp-json\/wp\/v2\/media?parent=131"}],"wp:term":[{"taxonomy":"category","embeddable":true,"href":"https:\/\/observatorio.regionmoquegua.gob.pe\/index.php\/wp-json\/wp\/v2\/categories?post=131"},{"taxonomy":"post_tag","embeddable":true,"href":"https:\/\/observatorio.regionmoquegua.gob.pe\/index.php\/wp-json\/wp\/v2\/tags?post=131"}],"curies":[{"name":"wp","href":"https:\/\/api.w.org\/{rel}","templated":true}]}}