{"id":1925,"date":"2024-11-21T13:35:58","date_gmt":"2024-11-21T18:35:58","guid":{"rendered":"https:\/\/observatorio.regionmoquegua.gob.pe\/?p=1925"},"modified":"2025-07-10T09:00:27","modified_gmt":"2025-07-10T14:00:27","slug":"crueldad-persistente-en-america-latina-el-avance-de-la-lucha-contra-la-violencia-de-genero-ha-sido-precario","status":"publish","type":"post","link":"https:\/\/observatorio.regionmoquegua.gob.pe\/index.php\/2024\/11\/21\/crueldad-persistente-en-america-latina-el-avance-de-la-lucha-contra-la-violencia-de-genero-ha-sido-precario\/","title":{"rendered":"Crueldad persistente en Am\u00e9rica Latina, el avance de la lucha contra la violencia de g\u00e9nero ha sido precario"},"content":{"rendered":"\n[et_pb_section fb_built=\u00bb1&#8243; theme_builder_area=\u00bbpost_content\u00bb _builder_version=\u00bb4.27.3&#8243; _module_preset=\u00bbdefault\u00bb da_is_popup=\u00bboff\u00bb da_exit_intent=\u00bboff\u00bb da_has_close=\u00bbon\u00bb da_alt_close=\u00bboff\u00bb da_dark_close=\u00bboff\u00bb da_not_modal=\u00bbon\u00bb da_is_singular=\u00bboff\u00bb da_with_loader=\u00bboff\u00bb da_has_shadow=\u00bbon\u00bb da_disable_devices=\u00bboff|off|off\u00bb][et_pb_row _builder_version=\u00bb4.27.3&#8243; _module_preset=\u00bbdefault\u00bb theme_builder_area=\u00bbpost_content\u00bb][et_pb_column _builder_version=\u00bb4.27.3&#8243; _module_preset=\u00bbdefault\u00bb type=\u00bb4_4&#8243; theme_builder_area=\u00bbpost_content\u00bb][et_pb_text _builder_version=\u00bb4.27.3&#8243; _module_preset=\u00bbdefault\u00bb theme_builder_area=\u00bbpost_content\u00bb hover_enabled=\u00bb0&#8243; sticky_enabled=\u00bb0&#8243;]<p>El 13 de octubre, a dos d\u00edas de convertirse en la primera mujer en asumir la presidencia de M\u00e9xico, Claudia Sheinbaum envi\u00f3 al Congreso diez proyectos de reforma para garantizar la igualdad de g\u00e9nero. En tanto, el expresidente de Argentina, Alberto Fern\u00e1ndez (2019-2023), ha sido acusado de violencia dom\u00e9stica y acoso por su expareja, Fabiola Y\u00e1\u00f1ez, en un caso que ha sacudido a Am\u00e9rica Latina. Fern\u00e1ndez niega los cargos.<\/p>\n<p>Estos eventos ilustran la brecha entre ret\u00f3rica y realidad en la regi\u00f3n respecto del trato a las mujeres. Aunque se han aprobado leyes contra la violencia dom\u00e9stica y se han habilitado refugios para las v\u00edctimas y l\u00edneas telef\u00f3nicas directas para reportar cr\u00edmenes, el balance es desalentador. Si bien los feminicidios han disminuido ligeramente, los ocurridos en las viviendas de las v\u00edctimas aumentaron 9% en el periodo de diez a\u00f1os que termin\u00f3 el 2020.<\/p>\n<p>La regi\u00f3n tiene m\u00e1s leyes que espec\u00edficamente criminalizan el feminicidio que cualquier otra parte del mundo, pero en la pr\u00e1ctica ha sido de ayuda casi nula.<\/p>\n<p>En M\u00e9xico, donde nueve mujeres son asesinadas cada d\u00eda, en promedio, solo 1% de feminicidios termina en condena. Seg\u00fan el Banco Mundial, cerca de la tercera parte de las mujeres en el planeta ha sufrido violencia f\u00edsica, sicol\u00f3gica o sexual al menos una vez en su vida la proporci\u00f3n en pa\u00edses ricos es 20%. La vasta mayor\u00eda de agresiones es cometida por parejas actuales o previas.<\/p>\n<p>Alrededor del 60% de mujeres en Bolivia se\u00f1ala haber sufrido violencia f\u00edsica por su pareja al menos una vez; en Ecuador, es el 40%. En M\u00e9xico y Honduras, cerca de seis de cada 100,000 mujeres son asesinadas cada a\u00f1o el promedio global es alrededor de dos por cada 100,000-. La impunidad es uno de los principales factores detr\u00e1s de la persistencia de la violencia de g\u00e9nero.<\/p>\n<p>En algunos casos, los perpetradores eluden a la justicia debido a sus v\u00ednculos con pol\u00edticos, abogados o bandas de narcotr\u00e1fico.<\/p>\n<p>Evo Morales, expresidente de Bolivia (2006-2019) que quiere volver a postular el pr\u00f3ximo a\u00f1o est\u00e1 siendo investigado por supuestamente haber violado a una ni\u00f1a de 15 a\u00f1os, el 2015, quien luego dio a luz a su hija. Morales tilda la acusaci\u00f3n de \u201cpersecuci\u00f3n pol\u00edtica\u201d.<\/p>\n<p>El sexismo es end\u00e9mico en Am\u00e9rica Latina. El 2017, Oxfam realiz\u00f3 un estudio en la regi\u00f3n con cerca de 5000 hombres y mujeres j\u00f3venes. Casi dos tercios de varones entre 15 y 19 a\u00f1os opin\u00f3 que cuando una mujer dice \u201cno\u201d a tener sexo, en realidad quiere decir \u201cs\u00ed\u201d.<\/p>\n<p>En una encuesta del a\u00f1o pasado en Per\u00fa, cerca del 40% de participantes opin\u00f3 que la mujer debe pedir permiso a su pareja para visitar familiares o amigos. En otro sondeo, casi un tercio se\u00f1al\u00f3 que la mujer es en cierto modo culpable si acude sola una fiesta y es violada.<\/p>\n<p>&nbsp;<\/p>\n<p>Estas actitudes ocasionan reticencia e indiferencia de las autoridades para responder a los cr\u00edmenes de g\u00e9nero, lo que brinda m\u00e1s protecci\u00f3n a los perpetradores. El desd\u00e9n alcanza al m\u00e1s alto nivel del poder. El 2018, cuando Eyvi \u00c1greda, peruana de 22 a\u00f1os, fue asesinada por su acosador, Carlos Hualpa \u2013 le roci\u00f3 gasolina y le prendi\u00f3 fuego en un bus-, el entonces presidente,<\/p>\n<p>Mart\u00edn Vizcarra, reaccion\u00f3 diciendo, \u201cNos sentimos muy tristes, pero a veces, es designio de la vida y tenemos que aceptarlo\u201d.<\/p>\n<p>Pobreza, consumo de alcohol y bajos niveles de educaci\u00f3n est\u00e1n asociados con niveles m\u00e1s altos de violencia de g\u00e9nero. Las mujeres que transitan rutas migratorias son particularmente vulnerables. Diego Battistessa, de la Universidad Carlos II, en Madrid, ha documentado muertes, asesinatos y desapariciones de al menos 500 venezolanas en rutas migratorias desde el 2019.<\/p>\n<p>El n\u00famero real es probablemente mucho mayor. Muchas otras son violadas. La opacidad de la data y el hecho de que muchas no reporten abusos, dificultan determinar qu\u00e9 acciones para reducir la violencia de g\u00e9nero funcionan. Pero la inversi\u00f3n gubernamental en l\u00edneas directas y campa\u00f1as de concientizaci\u00f3n, al menos han generado un \u201caumento de las denuncias. El presidente de Brasil, Lula da Silva, ha elevado los fondos para el Ministerio de la Mujer en US$70 millones, en cuatro a\u00f1os. Ese dinero est\u00e1 siendo usado para contratar m\u00e1s personal en la l\u00ednea directa y publicitar su existencia.<\/p>\n<p>Las llamadas se incrementaron de 82000 el 2022 a 114000 en lo que va del 2024, seg\u00fan Denise Motta Dau, secretaria nacional de Lucha contra la Violencia de G\u00e9nero. Pero raramente se informa sobre investigaciones de asesinatos o maltrato. Solo tres de 19 pa\u00edses de la regi\u00f3n usan data de denuncias previas en investigaciones de feminicidios. En los que s\u00ed lo hacen, se observa que las denuncias suelen preceder mayor violencia. El 2022 en Uruguay, cerca del 370% de mujeres asesinadas hab\u00eda denunciado formalmente a su pareja, que termin\u00f3 mat\u00e1ndolas.<\/p>\n<p>Lo m\u00e1s efectivo para reducirla violencia de g\u00e9nero ser\u00eda una combinaci\u00f3n de fiscales mejor capacitados, que puedan obtener tasas de condenas siquiera moderadas, y educaci\u00f3n para frenar el machismo. Por desgracia, esa transformaci\u00f3n tardar\u00e1 mucho en llegar.<\/p>[\/et_pb_text][\/et_pb_column][\/et_pb_row][\/et_pb_section]\n","protected":false},"excerpt":{"rendered":"<p>El 13 de octubre, a dos d\u00edas de convertirse en la primera mujer en asumir la presidencia de M\u00e9xico, Claudia Sheinbaum envi\u00f3 al Congreso diez proyectos de reforma para garantizar la igualdad de g\u00e9nero. En tanto, el expresidente de Argentina, Alberto Fern\u00e1ndez (2019-2023), ha sido acusado de violencia dom\u00e9stica y acoso por su expareja, Fabiola [&hellip;]<\/p>\n","protected":false},"author":1,"featured_media":1928,"comment_status":"open","ping_status":"open","sticky":false,"template":"","format":"standard","meta":{"_et_pb_use_builder":"on","_et_pb_old_content":"","_et_gb_content_width":"","_jetpack_memberships_contains_paid_content":false,"footnotes":""},"categories":[27],"tags":[],"class_list":["post-1925","post","type-post","status-publish","format-standard","has-post-thumbnail","hentry","category-notas-informativas"],"jetpack_featured_media_url":"https:\/\/i0.wp.com\/observatorio.regionmoquegua.gob.pe\/wp-content\/uploads\/2024\/11\/500.png?fit=989%2C554&ssl=1","jetpack_sharing_enabled":true,"_links":{"self":[{"href":"https:\/\/observatorio.regionmoquegua.gob.pe\/index.php\/wp-json\/wp\/v2\/posts\/1925","targetHints":{"allow":["GET"]}}],"collection":[{"href":"https:\/\/observatorio.regionmoquegua.gob.pe\/index.php\/wp-json\/wp\/v2\/posts"}],"about":[{"href":"https:\/\/observatorio.regionmoquegua.gob.pe\/index.php\/wp-json\/wp\/v2\/types\/post"}],"author":[{"embeddable":true,"href":"https:\/\/observatorio.regionmoquegua.gob.pe\/index.php\/wp-json\/wp\/v2\/users\/1"}],"replies":[{"embeddable":true,"href":"https:\/\/observatorio.regionmoquegua.gob.pe\/index.php\/wp-json\/wp\/v2\/comments?post=1925"}],"version-history":[{"count":5,"href":"https:\/\/observatorio.regionmoquegua.gob.pe\/index.php\/wp-json\/wp\/v2\/posts\/1925\/revisions"}],"predecessor-version":[{"id":1931,"href":"https:\/\/observatorio.regionmoquegua.gob.pe\/index.php\/wp-json\/wp\/v2\/posts\/1925\/revisions\/1931"}],"wp:featuredmedia":[{"embeddable":true,"href":"https:\/\/observatorio.regionmoquegua.gob.pe\/index.php\/wp-json\/wp\/v2\/media\/1928"}],"wp:attachment":[{"href":"https:\/\/observatorio.regionmoquegua.gob.pe\/index.php\/wp-json\/wp\/v2\/media?parent=1925"}],"wp:term":[{"taxonomy":"category","embeddable":true,"href":"https:\/\/observatorio.regionmoquegua.gob.pe\/index.php\/wp-json\/wp\/v2\/categories?post=1925"},{"taxonomy":"post_tag","embeddable":true,"href":"https:\/\/observatorio.regionmoquegua.gob.pe\/index.php\/wp-json\/wp\/v2\/tags?post=1925"}],"curies":[{"name":"wp","href":"https:\/\/api.w.org\/{rel}","templated":true}]}}