{"id":3668,"date":"2026-08-24T10:58:56","date_gmt":"2026-08-24T15:58:56","guid":{"rendered":"https:\/\/observatorio.regionmoquegua.gob.pe\/?p=3668"},"modified":"2026-09-02T11:01:44","modified_gmt":"2026-09-02T16:01:44","slug":"gerencia-regional-de-desarrollo-social-capacita-sobre-derechos-laborales-y-empleo-para-personas-con-discapacidad","status":"publish","type":"post","link":"https:\/\/observatorio.regionmoquegua.gob.pe\/index.php\/2026\/08\/24\/gerencia-regional-de-desarrollo-social-capacita-sobre-derechos-laborales-y-empleo-para-personas-con-discapacidad\/","title":{"rendered":"Gerencia Regional de Desarrollo Social capacita sobre derechos laborales y empleo para personas con discapacidad"},"content":{"rendered":"<p>[et_pb_section fb_built=\u00bb1&#8243; theme_builder_area=\u00bbpost_content\u00bb _builder_version=\u00bb4.27.4&#8243; _module_preset=\u00bbdefault\u00bb da_is_popup=\u00bboff\u00bb da_exit_intent=\u00bboff\u00bb da_has_close=\u00bbon\u00bb da_alt_close=\u00bboff\u00bb da_dark_close=\u00bboff\u00bb da_not_modal=\u00bbon\u00bb da_is_singular=\u00bboff\u00bb da_with_loader=\u00bboff\u00bb da_has_shadow=\u00bbon\u00bb da_disable_devices=\u00bboff|off|off\u00bb][et_pb_row _builder_version=\u00bb4.27.4&#8243; _module_preset=\u00bbdefault\u00bb theme_builder_area=\u00bbpost_content\u00bb][et_pb_column _builder_version=\u00bb4.27.4&#8243; _module_preset=\u00bbdefault\u00bb type=\u00bb4_4&#8243; theme_builder_area=\u00bbpost_content\u00bb][et_pb_text _builder_version=\u00bb4.27.4&#8243; _module_preset=\u00bbdefault\u00bb theme_builder_area=\u00bbpost_content\u00bb hover_enabled=\u00bb0&#8243; sticky_enabled=\u00bb0&#8243;]<\/p>\n<p style=\"text-align: justify;\"><strong>Moquegua, 24 de Agosto del 2026.<\/strong> <span>La Gerencia Regional de Desarrollo Social del Gobierno Regional de Moquegua desarroll\u00f3 el <\/span><strong><span>Taller Interinstitucional sobre Derechos Laborales y Empleo para Personas con Discapacidad<\/span><\/strong><span>, con el objetivo de fortalecer los conocimientos sobre sus derechos, oportunidades laborales y mecanismos de protecci\u00f3n, promoviendo una mayor inclusi\u00f3n en el mercado de trabajo.<\/span><\/p>\n<p class=\"isSelectedEnd\" style=\"text-align: justify;\"><span>Durante la jornada, representantes de la <\/span><strong><span>Superintendencia Nacional de Fiscalizaci\u00f3n Laboral (SUNAFIL)<\/span><\/strong><span> abordaron aspectos vinculados al cumplimiento de la cuota de empleo para personas con discapacidad, los ajustes razonables en los centros laborales, los derechos fundamentales y las condiciones de seguridad y salud en el trabajo.<\/span><\/p>\n<p class=\"isSelectedEnd\" style=\"text-align: justify;\"><span>Asimismo, la <\/span><strong><span>Direcci\u00f3n Regional de Trabajo y Promoci\u00f3n del Empleo<\/span><\/strong><span> brind\u00f3 informaci\u00f3n sobre los servicios de orientaci\u00f3n y formalizaci\u00f3n laboral, incluyendo iniciativas como <\/span><strong><span>Formal\u00edzate<\/span><\/strong><span>, adem\u00e1s de los mecanismos disponibles para facilitar la inserci\u00f3n laboral de las personas con discapacidad y su acceso a un empleo digno, formal y en igualdad de condiciones.<\/span><\/p>\n<p style=\"text-align: justify;\"><span>El desarrollo del taller permiti\u00f3 fortalecer la articulaci\u00f3n entre las instituciones encargadas de promover, orientar y fiscalizar el empleo, contribuyendo a generar <\/span><strong><span>espacios laborales inclusivos, accesibles y libres de discriminaci\u00f3n<\/span><\/strong><span>. Con estas acciones, el Gobierno Regional de Moquegua reafirma su compromiso con la igualdad de oportunidades y la participaci\u00f3n plena de las personas con discapacidad en el \u00e1mbito laboral.<\/span><\/p>\n<p>[\/et_pb_text][\/et_pb_column][\/et_pb_row][\/et_pb_section]<\/p>\n","protected":false},"excerpt":{"rendered":"<p>Moquegua, 24 de Agosto del 2026. La Gerencia Regional de Desarrollo Social del Gobierno Regional de Moquegua desarroll\u00f3 el Taller Interinstitucional sobre Derechos Laborales y Empleo para Personas con Discapacidad, con el objetivo de fortalecer los conocimientos sobre sus derechos, oportunidades laborales y mecanismos de protecci\u00f3n, promoviendo una mayor inclusi\u00f3n en el mercado de trabajo. [&hellip;]<\/p>\n","protected":false},"author":2,"featured_media":3669,"comment_status":"open","ping_status":"open","sticky":false,"template":"","format":"standard","meta":{"_et_pb_use_builder":"on","_et_pb_old_content":"","_et_gb_content_width":"","_jetpack_newsletter_access":"","_jetpack_dont_email_post_to_subs":false,"_jetpack_newsletter_tier_id":0,"_jetpack_memberships_contains_paywalled_content":false,"_jetpack_memberships_contains_paid_content":false,"footnotes":""},"categories":[27],"tags":[],"class_list":["post-3668","post","type-post","status-publish","format-standard","has-post-thumbnail","hentry","category-notas-informativas"],"jetpack_sharing_enabled":true,"jetpack_featured_media_url":"https:\/\/i0.wp.com\/observatorio.regionmoquegua.gob.pe\/wp-content\/uploads\/2026\/09\/24-08-2026.jpg?fit=2048%2C1365&ssl=1","_links":{"self":[{"href":"https:\/\/observatorio.regionmoquegua.gob.pe\/index.php\/wp-json\/wp\/v2\/posts\/3668","targetHints":{"allow":["GET"]}}],"collection":[{"href":"https:\/\/observatorio.regionmoquegua.gob.pe\/index.php\/wp-json\/wp\/v2\/posts"}],"about":[{"href":"https:\/\/observatorio.regionmoquegua.gob.pe\/index.php\/wp-json\/wp\/v2\/types\/post"}],"author":[{"embeddable":true,"href":"https:\/\/observatorio.regionmoquegua.gob.pe\/index.php\/wp-json\/wp\/v2\/users\/2"}],"replies":[{"embeddable":true,"href":"https:\/\/observatorio.regionmoquegua.gob.pe\/index.php\/wp-json\/wp\/v2\/comments?post=3668"}],"version-history":[{"count":3,"href":"https:\/\/observatorio.regionmoquegua.gob.pe\/index.php\/wp-json\/wp\/v2\/posts\/3668\/revisions"}],"predecessor-version":[{"id":3672,"href":"https:\/\/observatorio.regionmoquegua.gob.pe\/index.php\/wp-json\/wp\/v2\/posts\/3668\/revisions\/3672"}],"wp:featuredmedia":[{"embeddable":true,"href":"https:\/\/observatorio.regionmoquegua.gob.pe\/index.php\/wp-json\/wp\/v2\/media\/3669"}],"wp:attachment":[{"href":"https:\/\/observatorio.regionmoquegua.gob.pe\/index.php\/wp-json\/wp\/v2\/media?parent=3668"}],"wp:term":[{"taxonomy":"category","embeddable":true,"href":"https:\/\/observatorio.regionmoquegua.gob.pe\/index.php\/wp-json\/wp\/v2\/categories?post=3668"},{"taxonomy":"post_tag","embeddable":true,"href":"https:\/\/observatorio.regionmoquegua.gob.pe\/index.php\/wp-json\/wp\/v2\/tags?post=3668"}],"curies":[{"name":"wp","href":"https:\/\/api.w.org\/{rel}","templated":true}]}}