{"id":3678,"date":"2026-08-28T11:05:05","date_gmt":"2026-08-28T16:05:05","guid":{"rendered":"https:\/\/observatorio.regionmoquegua.gob.pe\/?p=3678"},"modified":"2026-09-02T11:07:28","modified_gmt":"2026-09-02T16:07:28","slug":"moquegua-fortalece-la-participacion-de-madres-lideres-para-prevenir-la-anemia-infantil","status":"publish","type":"post","link":"https:\/\/observatorio.regionmoquegua.gob.pe\/index.php\/2026\/08\/28\/moquegua-fortalece-la-participacion-de-madres-lideres-para-prevenir-la-anemia-infantil\/","title":{"rendered":"Moquegua fortalece la participaci\u00f3n de madres l\u00edderes para prevenir la anemia infantil"},"content":{"rendered":"<p>[et_pb_section fb_built=\u00bb1&#8243; theme_builder_area=\u00bbpost_content\u00bb _builder_version=\u00bb4.27.4&#8243; _module_preset=\u00bbdefault\u00bb da_is_popup=\u00bboff\u00bb da_exit_intent=\u00bboff\u00bb da_has_close=\u00bbon\u00bb da_alt_close=\u00bboff\u00bb da_dark_close=\u00bboff\u00bb da_not_modal=\u00bbon\u00bb da_is_singular=\u00bboff\u00bb da_with_loader=\u00bboff\u00bb da_has_shadow=\u00bbon\u00bb da_disable_devices=\u00bboff|off|off\u00bb][et_pb_row _builder_version=\u00bb4.27.4&#8243; _module_preset=\u00bbdefault\u00bb theme_builder_area=\u00bbpost_content\u00bb][et_pb_column _builder_version=\u00bb4.27.4&#8243; _module_preset=\u00bbdefault\u00bb type=\u00bb4_4&#8243; theme_builder_area=\u00bbpost_content\u00bb][et_pb_text _builder_version=\u00bb4.27.4&#8243; _module_preset=\u00bbdefault\u00bb theme_builder_area=\u00bbpost_content\u00bb hover_enabled=\u00bb0&#8243; sticky_enabled=\u00bb0&#8243;]<\/p>\n<p style=\"text-align: justify;\"><strong>Moquegua, 28 de Agosto del 2026. <\/strong><span>Con el objetivo de contribuir a la prevenci\u00f3n de la anemia infantil, se conform\u00f3 el <\/span><strong><span>Comit\u00e9 de la Red de Madres L\u00edderes del Programa Educativo \u201cJuntos por una Vida sin Anemia\u201d<\/span><\/strong><span>, iniciativa que busca fortalecer el rol de las familias en el cuidado de la salud y la alimentaci\u00f3n de ni\u00f1as y ni\u00f1os de la regi\u00f3n.<\/span><\/p>\n<p class=\"isSelectedEnd\" style=\"text-align: justify;\"><span>El comit\u00e9 est\u00e1 integrado por madres que culminaron satisfactoriamente <\/span><strong><span>12 sesiones educativas<\/span><\/strong><span>, en las que fortalecieron sus conocimientos y pr\u00e1cticas relacionadas con la prevenci\u00f3n de la anemia, la importancia de una alimentaci\u00f3n saludable y el cuidado adecuado de sus familias. Su participaci\u00f3n permitir\u00e1 replicar estos aprendizajes en sus hogares y comunidades.<\/span><\/p>\n<p class=\"isSelectedEnd\" style=\"text-align: justify;\"><span>La iniciativa es resultado del <\/span><strong><span>trabajo articulado entre el Programa Nacional JUNTOS y el Gobierno Regional de Moquegua<\/span><\/strong><span>, orientado a fortalecer las capacidades de las familias y promover acciones preventivas frente a la anemia, especialmente durante las primeras etapas de vida.<\/span><\/p>\n<p style=\"text-align: justify;\"><span>Con la conformaci\u00f3n de esta red, se busca consolidar la participaci\u00f3n activa de las madres como <\/span><strong><span>agentes de cambio en sus comunidades<\/span><\/strong><span>, promoviendo h\u00e1bitos saludables y una mayor conciencia sobre la importancia de prevenir la anemia. De esta manera, se contin\u00faan sumando esfuerzos para contribuir al desarrollo saludable de la ni\u00f1ez moqueguana.<\/span><\/p>\n<p>[\/et_pb_text][\/et_pb_column][\/et_pb_row][\/et_pb_section]<\/p>\n","protected":false},"excerpt":{"rendered":"<p>Moquegua, 28 de Agosto del 2026. Con el objetivo de contribuir a la prevenci\u00f3n de la anemia infantil, se conform\u00f3 el Comit\u00e9 de la Red de Madres L\u00edderes del Programa Educativo \u201cJuntos por una Vida sin Anemia\u201d, iniciativa que busca fortalecer el rol de las familias en el cuidado de la salud y la alimentaci\u00f3n [&hellip;]<\/p>\n","protected":false},"author":2,"featured_media":3679,"comment_status":"open","ping_status":"open","sticky":false,"template":"","format":"standard","meta":{"_et_pb_use_builder":"on","_et_pb_old_content":"","_et_gb_content_width":"","_jetpack_newsletter_access":"","_jetpack_dont_email_post_to_subs":false,"_jetpack_newsletter_tier_id":0,"_jetpack_memberships_contains_paywalled_content":false,"_jetpack_memberships_contains_paid_content":false,"footnotes":""},"categories":[27],"tags":[],"class_list":["post-3678","post","type-post","status-publish","format-standard","has-post-thumbnail","hentry","category-notas-informativas"],"jetpack_sharing_enabled":true,"jetpack_featured_media_url":"https:\/\/i0.wp.com\/observatorio.regionmoquegua.gob.pe\/wp-content\/uploads\/2026\/09\/28-08-2026.jpg?fit=2047%2C2048&ssl=1","_links":{"self":[{"href":"https:\/\/observatorio.regionmoquegua.gob.pe\/index.php\/wp-json\/wp\/v2\/posts\/3678","targetHints":{"allow":["GET"]}}],"collection":[{"href":"https:\/\/observatorio.regionmoquegua.gob.pe\/index.php\/wp-json\/wp\/v2\/posts"}],"about":[{"href":"https:\/\/observatorio.regionmoquegua.gob.pe\/index.php\/wp-json\/wp\/v2\/types\/post"}],"author":[{"embeddable":true,"href":"https:\/\/observatorio.regionmoquegua.gob.pe\/index.php\/wp-json\/wp\/v2\/users\/2"}],"replies":[{"embeddable":true,"href":"https:\/\/observatorio.regionmoquegua.gob.pe\/index.php\/wp-json\/wp\/v2\/comments?post=3678"}],"version-history":[{"count":3,"href":"https:\/\/observatorio.regionmoquegua.gob.pe\/index.php\/wp-json\/wp\/v2\/posts\/3678\/revisions"}],"predecessor-version":[{"id":3682,"href":"https:\/\/observatorio.regionmoquegua.gob.pe\/index.php\/wp-json\/wp\/v2\/posts\/3678\/revisions\/3682"}],"wp:featuredmedia":[{"embeddable":true,"href":"https:\/\/observatorio.regionmoquegua.gob.pe\/index.php\/wp-json\/wp\/v2\/media\/3679"}],"wp:attachment":[{"href":"https:\/\/observatorio.regionmoquegua.gob.pe\/index.php\/wp-json\/wp\/v2\/media?parent=3678"}],"wp:term":[{"taxonomy":"category","embeddable":true,"href":"https:\/\/observatorio.regionmoquegua.gob.pe\/index.php\/wp-json\/wp\/v2\/categories?post=3678"},{"taxonomy":"post_tag","embeddable":true,"href":"https:\/\/observatorio.regionmoquegua.gob.pe\/index.php\/wp-json\/wp\/v2\/tags?post=3678"}],"curies":[{"name":"wp","href":"https:\/\/api.w.org\/{rel}","templated":true}]}}